{"id":5797,"date":"2022-07-08T09:03:59","date_gmt":"2022-07-08T08:03:59","guid":{"rendered":"http:\/\/blogs.escolacristiana.org\/formacio\/?p=5797"},"modified":"2022-07-08T11:21:37","modified_gmt":"2022-07-08T10:21:37","slug":"01formacio-inicial-per-al-professorat-novell","status":"publish","type":"post","link":"http:\/\/blogs.escolacristiana.org\/formacio\/2022\/07\/08\/01formacio-inicial-per-al-professorat-novell\/","title":{"rendered":"Formaci\u00f3 inicial per al professorat novell"},"content":{"rendered":"<p><div class=\"fusion-fullwidth fullwidth-box fusion-builder-row-1 nonhundred-percent-fullwidth non-hundred-percent-height-scrolling\"  style='background-color: rgba(255,255,255,0);background-position: center center;background-repeat: no-repeat;padding-top:0px;padding-right:0px;padding-bottom:0px;padding-left:0px;'><div class=\"fusion-builder-row fusion-row \"><div  class=\"fusion-layout-column fusion_builder_column fusion_builder_column_1_1 fusion-builder-column-1 fusion-one-full fusion-column-first fusion-column-last 1_1\"  style='margin-top:0px;margin-bottom:20px;'>\n\t\t\t\t\t<div class=\"fusion-column-wrapper\" style=\"padding: 0px 0px 0px 0px;background-position:left top;background-repeat:no-repeat;-webkit-background-size:cover;-moz-background-size:cover;-o-background-size:cover;background-size:cover;\"   data-bg-url=\"\">\n\t\t\t\t\t\t<div class=\"fusion-text\"><div id=\"boxed-wrapper\">\n<div id=\"wrapper\" class=\"fusion-wrapper\">\n<p style=\"text-align: left\"><span style=\"color: #800000\">1 de setembre de 2022<\/span><\/p>\n<\/div>\n<\/div>\n<\/div><style type=\"text\/css\">@media only screen and (max-width:800px) {.fusion-title.fusion-title-1{margin-top:0px!important;margin-bottom:8px!important;}}<\/style><div class=\"fusion-title title fusion-title-1 fusion-sep-none fusion-title-text fusion-title-size-one\" style=\"margin-top:0px;margin-bottom:0px;\"><h1 class=\"title-heading-left\" style=\"margin:0;\"><h1><span style=\"color: #800000\"><b>Formaci\u00f3 inicial per al professorat novell<\/b><\/span><\/h1>\n<p><span style=\"color: #800000\">Codi 22093.01<\/span><\/p><\/h1><\/div><div class=\"fusion-clearfix\"><\/div>\n\n\t\t\t\t\t<\/div>\n\t\t\t\t<\/div><\/div><\/div><div class=\"fusion-fullwidth fullwidth-box fusion-builder-row-2 nonhundred-percent-fullwidth non-hundred-percent-height-scrolling\"  style='background-color: rgba(255,255,255,0);background-position: center center;background-repeat: no-repeat;padding-top:0px;padding-right:0px;padding-bottom:0px;padding-left:0px;'><div class=\"fusion-builder-row fusion-row \"><div  class=\"fusion-layout-column fusion_builder_column fusion_builder_column_2_3 fusion-builder-column-2 fusion-two-third fusion-column-first 2_3\"  style='margin-top:0px;margin-bottom:20px;width:65.3333%; margin-right: 4%;'>\n\t\t\t\t\t<div class=\"fusion-column-wrapper\" style=\"padding: 0px 0px 0px 0px;background-position:left top;background-repeat:no-repeat;-webkit-background-size:cover;-moz-background-size:cover;-o-background-size:cover;background-size:cover;\"   data-bg-url=\"\">\n\t\t\t\t\t\t<span class=\"fusion-imageframe imageframe-none imageframe-1 hover-type-none\"><img loading=\"lazy\" decoding=\"async\" src=\"http:\/\/blogs.escolacristiana.org\/formacio\/files\/2022\/07\/22093.01-Frm-incial-profe-novell.jpg\" width=\"960\" height=\"638\" alt=\"\" title=\"22093.01 Frm incial profe novell\" class=\"img-responsive wp-image-5829\" srcset=\"http:\/\/blogs.escolacristiana.org\/formacio\/files\/2022\/07\/22093.01-Frm-incial-profe-novell-200x133.jpg 200w, http:\/\/blogs.escolacristiana.org\/formacio\/files\/2022\/07\/22093.01-Frm-incial-profe-novell-400x266.jpg 400w, http:\/\/blogs.escolacristiana.org\/formacio\/files\/2022\/07\/22093.01-Frm-incial-profe-novell-600x399.jpg 600w, http:\/\/blogs.escolacristiana.org\/formacio\/files\/2022\/07\/22093.01-Frm-incial-profe-novell-800x532.jpg 800w, http:\/\/blogs.escolacristiana.org\/formacio\/files\/2022\/07\/22093.01-Frm-incial-profe-novell.jpg 960w\" sizes=\"(max-width: 800px) 100vw, 960px\" \/><\/span><div class=\"fusion-clearfix\"><\/div>\n\n\t\t\t\t\t<\/div>\n\t\t\t\t<\/div><\/div><\/div><div class=\"fusion-fullwidth fullwidth-box fusion-builder-row-3 nonhundred-percent-fullwidth non-hundred-percent-height-scrolling\"  style='background-color: rgba(255,255,255,0);background-position: center center;background-repeat: no-repeat;padding-top:0px;padding-right:0px;padding-bottom:0px;padding-left:0px;margin-bottom: 0px;'><div class=\"fusion-builder-row fusion-row \"><div  class=\"fusion-layout-column fusion_builder_column fusion_builder_column_2_3 fusion-builder-column-3 fusion-two-third fusion-column-first 2_3\"  style='margin-top:0px;margin-bottom:20px;width:66.66%;width:calc(66.66% - ( ( 4% ) * 0.6666 ) );margin-right: 4%;'>\n\t\t\t\t\t<div class=\"fusion-column-wrapper\" style=\"padding: 0px 0px 0px 0px;background-position:left top;background-repeat:no-repeat;-webkit-background-size:cover;-moz-background-size:cover;-o-background-size:cover;background-size:cover;\"   data-bg-url=\"\">\n\t\t\t\t\t\t<style type=\"text\/css\"><\/style><div class=\"fusion-title title fusion-title-2 sep-underline sep-dotted fusion-title-text fusion-title-size-three\" style=\"border-bottom-color:#e0dede;margin-top:0px;margin-bottom:31px;\"><h3 class=\"title-heading-left\" style=\"margin:0;\"><span style=\"color: #800000\"><strong>PRESENTACI\u00d3<\/strong><\/span><\/h3><\/div><div class=\"fusion-text\"><div id=\"boxed-wrapper\">\n<div id=\"wrapper\" class=\"fusion-wrapper\">\n<p>Quan un docent s\u2019incorpora a una escola concertada cristiana considerem que \u00e9s necessari que tingui l\u2019oportunitat d\u2019adquirir confian\u00e7a i uns coneixements b\u00e0sics del col\u00b7lectiu, amb un acompanyament qu\u00e8 l\u2019ajudi a sentir-se part de la nova comunitat educativa a la que forma part.<\/p>\n<p>La formaci\u00f3 que hem dissenyat \u00e9s breu per\u00f2 t\u00e9 l\u2019objectiu d\u2019oferir unes pinzellades de tots els aspectes que considerem b\u00e0sics i necessaris que ha de disposar un docent novell, per\u00f2 que despr\u00e9s caldr\u00e0 aprofundir de de cada instituci\u00f3 i\/o centre educatiu.<\/p>\n<p>La formaci\u00f3 est\u00e0 dissenyada de forma intensiva i presencial per poder prendre consci\u00e8ncia de forma pr\u00e0ctica i vivencial.<\/p>\n<\/div>\n<\/div>\n<\/div><style type=\"text\/css\"><\/style><div class=\"fusion-title title fusion-title-3 sep-underline sep-dotted fusion-title-text fusion-title-size-three\" style=\"border-bottom-color:#e0dede;margin-top:0px;margin-bottom:31px;\"><h3 class=\"title-heading-left\" style=\"margin:0;\"><span style=\"color: #800000\"><strong>DESTINATARIS<\/strong><\/span><\/h3><\/div><div class=\"fusion-text\"><div id=\"boxed-wrapper\">\n<div id=\"wrapper\" class=\"fusion-wrapper\">\n<p>Docents de diferents etapes que s\u2019incorporen a l\u2019inici de curs als centres educatius adherits a la Fundaci\u00f3 Escola Cristiana de Catalunya.<\/p>\n<\/div>\n<\/div>\n<\/div><style type=\"text\/css\"><\/style><div class=\"fusion-title title fusion-title-4 sep-underline sep-dotted fusion-title-text fusion-title-size-three\" style=\"border-bottom-color:#e0dede;margin-top:0px;margin-bottom:31px;\"><h3 class=\"title-heading-left\" style=\"margin:0;\"><span style=\"color: #800000\"><strong>CONTINGUTS<\/strong><\/span><\/h3><\/div><div class=\"fusion-text\"><div id=\"boxed-wrapper\">\n<div id=\"wrapper\" class=\"fusion-wrapper\">\n<ol>\n<li>Identitat de l\u2019escola cristiana<\/li>\n<li>Nocions b\u00e0siques del conveni de l\u2019escola concertada<\/li>\n<li>Nocions b\u00e0siques sobre la protecci\u00f3 de dades: personals i dels alumnes<\/li>\n<li>Recomanacions sobre el marc d\u2019actuacions del docent amb la relaci\u00f3 amb els alumnes<\/li>\n<li>Gesti\u00f3 emocional i el treball en equip del docent<\/li>\n<li>L\u2019aprenentatge des de la neuroci\u00e8ncia<\/li>\n<li>Atenci\u00f3 a la diversitat<\/li>\n<li>Acompanyament a l\u2019alumne<\/li>\n<li>Avaluaci\u00f3 formativa<\/li>\n<\/ol>\n<\/div>\n<\/div>\n<\/div><div class=\"fusion-clearfix\"><\/div>\n\n\t\t\t\t\t<\/div>\n\t\t\t\t<\/div><div  class=\"fusion-layout-column fusion_builder_column fusion_builder_column_1_3 fusion-builder-column-4 fusion-one-third fusion-column-last 1_3\"  style='margin-top:0px;margin-bottom:20px;width:33.33%;width:calc(33.33% - ( ( 4% ) * 0.3333 ) );'>\n\t\t\t\t\t<div class=\"fusion-column-wrapper\" style=\"padding: 0px 0px 0px 0px;background-position:left top;background-repeat:no-repeat;-webkit-background-size:cover;-moz-background-size:cover;-o-background-size:cover;background-size:cover;\"   data-bg-url=\"\">\n\t\t\t\t\t\t<style type=\"text\/css\">@media only screen and (max-width:800px) {.fusion-title.fusion-title-5{margin-top:0px!important;margin-bottom:6px!important;}}<\/style><div class=\"fusion-title title fusion-title-5 sep-underline sep-dotted fusion-title-text fusion-title-size-three\" style=\"border-bottom-color:#e0dede;margin-top:0px;margin-bottom:10px;\"><h3 class=\"title-heading-left\" style=\"margin:0;\"><strong>Inici<\/strong><\/h3><\/div><div class=\"fusion-text\"><p>1 de setembre de 2022<\/p>\n<\/div><style type=\"text\/css\"><\/style><div class=\"fusion-title title fusion-title-6 sep-underline sep-dotted fusion-title-text fusion-title-size-three\" style=\"border-bottom-color:#e0dede;margin-top:0px;margin-bottom:10px;\"><h3 class=\"title-heading-left\" style=\"margin:0;\"><strong>Calendari i horari<\/strong><\/h3><\/div><div class=\"fusion-text\"><p>1 i 2 setembre de 15:30 a 19h<\/p>\n<p>3 de setembre de 9 a 14h<\/p>\n<\/div><style type=\"text\/css\"><\/style><div class=\"fusion-title title fusion-title-7 sep-underline sep-dotted fusion-title-text fusion-title-size-three\" style=\"border-bottom-color:#e0dede;margin-top:0px;margin-bottom:10px;\"><h3 class=\"title-heading-left\" style=\"margin:0;\"><strong>Modalitat<\/strong><\/h3><\/div><div class=\"fusion-text\"><p>Presencial<\/p>\n<p>FECC. c\/ dels \u00e0ngels, 18, 4a planta. Barcelona<\/p>\n<div id=\"boxed-wrapper\">\n<div id=\"wrapper\" class=\"fusion-wrapper\"><\/div>\n<\/div>\n<\/div><style type=\"text\/css\"><\/style><div class=\"fusion-title title fusion-title-8 sep-underline sep-dotted fusion-title-text fusion-title-size-three\" style=\"border-bottom-color:#e0dede;margin-top:0px;margin-bottom:10px;\"><h3 class=\"title-heading-left\" style=\"margin:0;\"><strong>Durada<\/strong><\/h3><\/div><div class=\"fusion-text\"><p>12 hores<\/p>\n<div id=\"boxed-wrapper\">\n<div id=\"wrapper\" class=\"fusion-wrapper\"><\/div>\n<\/div>\n<\/div><style type=\"text\/css\"><\/style><div class=\"fusion-title title fusion-title-9 sep-underline sep-dotted fusion-title-text fusion-title-size-three\" style=\"border-bottom-color:#e0dede;margin-top:0px;margin-bottom:10px;\"><h3 class=\"title-heading-left\" style=\"margin:0;\"><strong>Preu<\/strong><\/h3><\/div><div class=\"fusion-text\"><p>163\u20ac<\/p>\n<div id=\"boxed-wrapper\">\n<div id=\"wrapper\" class=\"fusion-wrapper\"><\/div>\n<\/div>\n<\/div><style type=\"text\/css\"><\/style><div class=\"fusion-title title fusion-title-10 sep-underline sep-dotted fusion-title-text fusion-title-size-three\" style=\"border-bottom-color:#e0dede;margin-top:0px;margin-bottom:10px;\"><h3 class=\"title-heading-left\" style=\"margin:0;\"><strong>Finan\u00e7ament<\/strong><\/h3><\/div><div class=\"fusion-text\"><p>Bonificable<\/p>\n<div id=\"boxed-wrapper\">\n<div id=\"wrapper\" class=\"fusion-wrapper\"><\/div>\n<\/div>\n<\/div><div class=\"fusion-clearfix\"><\/div>\n\n\t\t\t\t\t<\/div>\n\t\t\t\t<\/div><\/div><\/div><div class=\"fusion-fullwidth fullwidth-box fusion-builder-row-4 nonhundred-percent-fullwidth non-hundred-percent-height-scrolling\"  style='background-color: rgba(255,255,255,0);background-position: center center;background-repeat: no-repeat;padding-top:0px;padding-right:0px;padding-bottom:0px;padding-left:0px;'><div class=\"fusion-builder-row fusion-row \"><div  class=\"fusion-layout-column fusion_builder_column fusion_builder_column_1_4 fusion-builder-column-5 fusion-one-fourth fusion-column-first 1_4\"  style='margin-top:0px;margin-bottom:20px;width:25%;width:calc(25% - ( ( 4% ) * 0.25 ) );margin-right: 4%;'>\n\t\t\t\t\t<div class=\"fusion-column-wrapper\" style=\"padding: 0px 0px 0px 0px;background-position:left top;background-repeat:no-repeat;-webkit-background-size:cover;-moz-background-size:cover;-o-background-size:cover;background-size:cover;\"   data-bg-url=\"\">\n\t\t\t\t\t\t<div class=\"fusion-button-wrapper fusion-aligncenter\"><style type=\"text\/css\">.fusion-button.button-1 .fusion-button-text, .fusion-button.button-1 i {color:#ffffff;}.fusion-button.button-1 .fusion-button-icon-divider{border-color:#ffffff;}.fusion-button.button-1:hover .fusion-button-text, .fusion-button.button-1:hover i,.fusion-button.button-1:focus .fusion-button-text, .fusion-button.button-1:focus i,.fusion-button.button-1:active .fusion-button-text, .fusion-button.button-1:active{color:#780404;}.fusion-button.button-1:hover .fusion-button-icon-divider, .fusion-button.button-1:hover .fusion-button-icon-divider, .fusion-button.button-1:active .fusion-button-icon-divider{border-color:#780404;}.fusion-button.button-1:hover, .fusion-button.button-1:focus, .fusion-button.button-1:active{border-color:#780404;}.fusion-button.button-1 {border-color:#780404;border-radius:2px;}.fusion-button.button-1{background: #891400;}.fusion-button.button-1:hover,.button-1:focus,.fusion-button.button-1:active{background: #c16c6c;}<\/style><a class=\"fusion-button button-flat fusion-button-default-size button-custom button-1 fusion-button-default-span fusion-button-default-type\" target=\"_self\" href=\"http:\/\/blogs.escolacristiana.org\/formacio\/files\/2022\/06\/22093.01-Formacio-inicial-per-al-professorat-novell.pdf\"><span class=\"fusion-button-text\">Programa<\/span><\/a><\/div><div class=\"fusion-clearfix\"><\/div>\n\n\t\t\t\t\t<\/div>\n\t\t\t\t<\/div><div  class=\"fusion-layout-column fusion_builder_column fusion_builder_column_1_4 fusion-builder-column-6 fusion-one-fourth fusion-column-last 1_4\"  style='margin-top:0px;margin-bottom:20px;width:25%;width:calc(25% - ( ( 4% ) * 0.25 ) );'>\n\t\t\t\t\t<div class=\"fusion-column-wrapper\" style=\"padding: 0px 0px 0px 0px;background-position:left top;background-repeat:no-repeat;-webkit-background-size:cover;-moz-background-size:cover;-o-background-size:cover;background-size:cover;\"   data-bg-url=\"\">\n\t\t\t\t\t\t<div class=\"fusion-button-wrapper fusion-aligncenter\"><style type=\"text\/css\">.fusion-button.button-2 .fusion-button-text, .fusion-button.button-2 i {color:#ffffff;}.fusion-button.button-2 .fusion-button-icon-divider{border-color:#ffffff;}.fusion-button.button-2:hover .fusion-button-text, .fusion-button.button-2:hover i,.fusion-button.button-2:focus .fusion-button-text, .fusion-button.button-2:focus i,.fusion-button.button-2:active .fusion-button-text, .fusion-button.button-2:active{color:#780404;}.fusion-button.button-2:hover .fusion-button-icon-divider, .fusion-button.button-2:hover .fusion-button-icon-divider, .fusion-button.button-2:active .fusion-button-icon-divider{border-color:#780404;}.fusion-button.button-2:hover, .fusion-button.button-2:focus, .fusion-button.button-2:active{border-color:#780404;}.fusion-button.button-2 {border-color:#780404;border-radius:2px;}.fusion-button.button-2{background: #891400;}.fusion-button.button-2:hover,.button-2:focus,.fusion-button.button-2:active{background: #c16c6c;}<\/style><a class=\"fusion-button button-flat fusion-button-default-size button-custom button-2 fusion-button-default-span fusion-button-default-type\" target=\"_self\" href=\"http:\/\/www.escolacristiana.org\/formacio\/fullinscripcio.aspx?idf=3116\"><span class=\"fusion-button-text\">Inscripci\u00f3<\/span><\/a><\/div><div class=\"fusion-clearfix\"><\/div>\n\n\t\t\t\t\t<\/div>\n\t\t\t\t<\/div><\/div><\/div><\/p>\n","protected":false},"excerpt":{"rendered":"","protected":false},"author":14,"featured_media":5829,"comment_status":"open","ping_status":"open","sticky":false,"template":"","format":"standard","meta":{"footnotes":""},"categories":[36],"tags":[37],"_links":{"self":[{"href":"http:\/\/blogs.escolacristiana.org\/formacio\/wp-json\/wp\/v2\/posts\/5797"}],"collection":[{"href":"http:\/\/blogs.escolacristiana.org\/formacio\/wp-json\/wp\/v2\/posts"}],"about":[{"href":"http:\/\/blogs.escolacristiana.org\/formacio\/wp-json\/wp\/v2\/types\/post"}],"author":[{"embeddable":true,"href":"http:\/\/blogs.escolacristiana.org\/formacio\/wp-json\/wp\/v2\/users\/14"}],"replies":[{"embeddable":true,"href":"http:\/\/blogs.escolacristiana.org\/formacio\/wp-json\/wp\/v2\/comments?post=5797"}],"version-history":[{"count":27,"href":"http:\/\/blogs.escolacristiana.org\/formacio\/wp-json\/wp\/v2\/posts\/5797\/revisions"}],"predecessor-version":[{"id":5859,"href":"http:\/\/blogs.escolacristiana.org\/formacio\/wp-json\/wp\/v2\/posts\/5797\/revisions\/5859"}],"wp:featuredmedia":[{"embeddable":true,"href":"http:\/\/blogs.escolacristiana.org\/formacio\/wp-json\/wp\/v2\/media\/5829"}],"wp:attachment":[{"href":"http:\/\/blogs.escolacristiana.org\/formacio\/wp-json\/wp\/v2\/media?parent=5797"}],"wp:term":[{"taxonomy":"category","embeddable":true,"href":"http:\/\/blogs.escolacristiana.org\/formacio\/wp-json\/wp\/v2\/categories?post=5797"},{"taxonomy":"post_tag","embeddable":true,"href":"http:\/\/blogs.escolacristiana.org\/formacio\/wp-json\/wp\/v2\/tags?post=5797"}],"curies":[{"name":"wp","href":"https:\/\/api.w.org\/{rel}","templated":true}]}}